{"id":14847,"date":"2024-09-05T14:17:15","date_gmt":"2024-09-05T12:17:15","guid":{"rendered":"https:\/\/www.hollauf.at\/uschi\/?p=14847"},"modified":"2025-09-24T06:39:30","modified_gmt":"2025-09-24T04:39:30","slug":"weihnachtskonzerte-2024","status":"publish","type":"post","link":"https:\/\/www.hollauf.at\/uschi\/weihnachtskonzerte-2024\/","title":{"rendered":"Weihnachtskonzerte 2024 &#8211; Freitag, 13. und Samstag, 14.12.2024"},"content":{"rendered":"<div class=\"fusion-fullwidth fullwidth-box fusion-builder-row-1 hundred-percent-fullwidth non-hundred-percent-height-scrolling\" style=\"--awb-border-radius-top-left:0px;--awb-border-radius-top-right:0px;--awb-border-radius-bottom-right:0px;--awb-border-radius-bottom-left:0px;--awb-overflow:visible;--awb-padding-right:0px;--awb-padding-left:0px;--awb-flex-wrap:wrap;\" ><div class=\"fusion-builder-row fusion-row\"><div class=\"fusion-layout-column fusion_builder_column fusion-builder-column-0 fusion_builder_column_1_1 1_1 fusion-one-full fusion-column-first fusion-column-last\" style=\"--awb-padding-top:5px;--awb-padding-right:5px;--awb-padding-bottom:5px;--awb-padding-left:5px;--awb-bg-size:cover;\"><div class=\"fusion-column-wrapper fusion-flex-column-wrapper-legacy\"><div class=\"fusion-title title fusion-title-1 fusion-title-text fusion-title-size-one\" style=\"--awb-margin-top-small:0px;--awb-margin-right-small:0px;--awb-margin-bottom-small:20px;--awb-margin-left-small:0px;\"><h1 class=\"fusion-title-heading title-heading-left fusion-responsive-typography-calculated\" style=\"margin:0;--fontSize:22;line-height:1.4;\">Weihnachtskonzerte 2024<\/h1><span class=\"awb-title-spacer\"><\/span><div class=\"title-sep-container\"><div class=\"title-sep sep-single sep-solid\" style=\"border-color:#e0dede;\"><\/div><\/div><\/div><div class=\"fusion-text fusion-text-1\" style=\"--awb-text-transform:none;\"><h1>Uschi Hollauf &amp; Friends<\/h1>\n<hr \/>\n<p>Seit vielen Jahren bereichert und ber\u00fchrt die Musik ihr Leben als S\u00e4ngerin. Schon als Kind war Uschi Hollauf Mitglied eines Chors, der von ihrem Vater geleitet wurde. Sp\u00e4ter \u00fcbernahm sie selbst die Leitung und die 11 jungen M\u00e4dchen entwickelten sich zu S\u00e4ngerinnen, die man in der Region unter dem Namen \u201eTotal Normal\u201c kennt.<br \/>\nZus\u00e4tzlich dazu war Uschi Hollauf viele Jahre Backgrounds\u00e4ngerin bei Joni Madden und Gr\u00fcn2g.<br \/>\nDaher ist es besonders sch\u00f6n, dass Wolfgang und Jakob Gr\u00fcnzweig gemeinsam mit Grischa Schmiedl den Weihnachtsliedern heuer einen neuen, ganz besonderen Touch verleihen.<\/p>\n<p><b>Gesang: <\/b>Uschi Hollauf<br \/>\n<b>Keyboards:<\/b> Grischa Schmiedl, Jakob Hollauf<br \/>\n<b>Gitarre:<\/b> Wolfgang Gr\u00fcnzweig<br \/>\n<b>Percussion:<\/b> Jakob Gr\u00fcnzweig<br \/>\n<strong>Backgoundgesang:<\/strong> Barbara Heilinger, Gudrun Groher- T\u00f6gel, Karin Gratzenberger, Kathrin Hippler, Josef Takats<br \/>\n<strong>Local Vocals:<\/strong><br \/>\nAnna und Sophia Fahringer, Alexandra und Elisabeth Sperr, Annika Wallner- Stiel, Arlene und Katharina Hartl, Camilla Schmid, Anni Globits, Karoline Bohrn, Christiane Groher, Hannah Plachel, Ines Reiter, Isabella Heinrich, Johanna und Rosa Bertl, Josef und Rosa Takats, Julia Knauder, Julia Siart, Lena Todter, Lilli Buggelnig, Maria und Steffi Graupe, Mattea Dellinger, Nora Sulan, Tanja Pokorny, Tanja Weber<br \/>\n<strong>Total Normal:<\/strong><br \/>\nBarbara Heilinger, Gudrun Groher- T\u00f6gel, Iris Sonnabend- Blei, Irene Weing\u00e4rtner, Karin Gratzenberger, Kathrin Hippler, Sylvia Sch\u00f6ny<\/p>\n<p>Besetzungs\u00e4nderungen vorbehalten!<\/p>\n<hr \/>\n<h3 class=\"fusion-responsive-typography-calculated\" data-fontsize=\"16\" data-lineheight=\"24px\">Freitag, 13.12.2024 und Samstag, 14.12.2024<\/h3>\n<p><strong>Die B\u00fchne Purkersdorf<br \/>\n<\/strong>Kulturverein &#8222;Die B\u00fchne&#8220; Purkersdorf, Wiener Stra\u00dfe 12, 3002 Purkersdorf<br \/>\n<a href=\"https:\/\/www.google.com\/maps\/place\/Kulturverein+%22Die+B%C3%BChne%22\/@48.2067985,16.179531,17z\/data=!3m1!4b1!4m6!3m5!1s0x476da0bd259f4827:0x3cec1fb1708ad4b9!8m2!3d48.2067985!4d16.179531!16s%2Fg%2F1t_wn4f9?entry=ttu&amp;g_ep=EgoyMDI0MDkxOC4xIKXMDSoASAFQAw%3D%3D\" target=\"_blank\" rel=\"noopener\">In Google Maps \u00f6ffnen<\/a><\/p>\n<p><b>Einlass:<\/b>\u00a018:30 Uhr<br \/>\n<b>Beginn:<\/b>\u00a019:30 Uhr<\/p>\n<h3><b>Karten<\/b><\/h3>\n<ul>\n<li>\n<h3>Freitag, 13.12.2024<\/h3>\n<\/li>\n<\/ul>\n<p style=\"text-align: left; padding-left: 80px;\"><a href=\"https:\/\/www.eventim-light.com\/at\/a\/63a36e300d173d63ab0ca9a2\/e\/66a00cc2f4b7425170bf0240\" target=\"_blank\" rel=\"noopener\"><strong>oeticket: <\/strong><strong>Karten online<\/strong><\/a> | Tel.: 0196096<br \/>\nKarten Vorverkauf: \u20ac 25.-<br \/>\nAbendkasse: \u20ac 25,\u2013<br \/>\nErm\u00e4\u00dfigungen: Sch\u00fcler\/Studenten \u00d61-Club \/ AK Nieder\u00f6sterreich-\u00d6GB<\/p>\n<ul>\n<li>\n<h3>Samstag, 14.12.2024<\/h3>\n<\/li>\n<\/ul>\n<p style=\"padding-left: 80px;\"><a href=\"https:\/\/www.eventim-light.com\/at\/a\/63a36e300d173d63ab0ca9a2\/e\/66a010942dc2ea6502419972\" target=\"_blank\" rel=\"noopener\"><strong>oeticket: <\/strong><strong>Karten online<\/strong><\/a> | Tel.: 0196096<br \/>\nKarten Vorverkauf: \u20ac 25.-<br \/>\nAbendkasse: \u20ac 25,\u2013<br \/>\nErm\u00e4\u00dfigungen: Sch\u00fcler\/Studenten \u00d61-Club \/ AK Nieder\u00f6sterreich-\u00d6GB<\/p>\n<p>Freie Platzwahl!<br \/>\nDas bedeutet, dass Sie mit Ihrem Ticket entsprechend den \u00f6rtlichen Gegebenheiten Ihren Platz frei ausw\u00e4hlen k\u00f6nnen. Es kann sich dabei um Sitzpl\u00e4tze, Stehpl\u00e4tze oder eine Teilbestuhlung ohne Sitzplatzanspruch handeln.<\/p>\n<div dir=\"auto\"><\/div>\n<\/div><div class=\"fusion-clearfix\"><\/div><\/div><\/div><\/div><\/div>\n","protected":false},"excerpt":{"rendered":"","protected":false},"author":1,"featured_media":14849,"comment_status":"closed","ping_status":"closed","sticky":false,"template":"","format":"standard","meta":{"_jetpack_memberships_contains_paid_content":false,"footnotes":""},"categories":[1,46,99],"tags":[],"class_list":["post-14847","post","type-post","status-publish","format-standard","has-post-thumbnail","hentry","category-allgemein","category-live","category-weihnachtskonzerte-2024"],"jetpack_featured_media_url":"https:\/\/www.hollauf.at\/uschi\/wp-content\/uploads\/2024\/09\/pur51pur-KonzertHollauf01-c.-Reinhard-Stoeckl-scaled.jpg","jetpack_sharing_enabled":true,"_links":{"self":[{"href":"https:\/\/www.hollauf.at\/uschi\/wp-json\/wp\/v2\/posts\/14847","targetHints":{"allow":["GET"]}}],"collection":[{"href":"https:\/\/www.hollauf.at\/uschi\/wp-json\/wp\/v2\/posts"}],"about":[{"href":"https:\/\/www.hollauf.at\/uschi\/wp-json\/wp\/v2\/types\/post"}],"author":[{"embeddable":true,"href":"https:\/\/www.hollauf.at\/uschi\/wp-json\/wp\/v2\/users\/1"}],"replies":[{"embeddable":true,"href":"https:\/\/www.hollauf.at\/uschi\/wp-json\/wp\/v2\/comments?post=14847"}],"version-history":[{"count":4,"href":"https:\/\/www.hollauf.at\/uschi\/wp-json\/wp\/v2\/posts\/14847\/revisions"}],"predecessor-version":[{"id":14898,"href":"https:\/\/www.hollauf.at\/uschi\/wp-json\/wp\/v2\/posts\/14847\/revisions\/14898"}],"wp:featuredmedia":[{"embeddable":true,"href":"https:\/\/www.hollauf.at\/uschi\/wp-json\/wp\/v2\/media\/14849"}],"wp:attachment":[{"href":"https:\/\/www.hollauf.at\/uschi\/wp-json\/wp\/v2\/media?parent=14847"}],"wp:term":[{"taxonomy":"category","embeddable":true,"href":"https:\/\/www.hollauf.at\/uschi\/wp-json\/wp\/v2\/categories?post=14847"},{"taxonomy":"post_tag","embeddable":true,"href":"https:\/\/www.hollauf.at\/uschi\/wp-json\/wp\/v2\/tags?post=14847"}],"curies":[{"name":"wp","href":"https:\/\/api.w.org\/{rel}","templated":true}]}}